{"id":1,"date":"2023-02-24T10:43:23","date_gmt":"2023-02-24T13:43:23","guid":{"rendered":"https:\/\/videira.ifc.edu.br\/29encontrao\/?p=1"},"modified":"2023-02-24T16:28:03","modified_gmt":"2023-02-24T19:28:03","slug":"ola-mundo","status":"publish","type":"post","link":"https:\/\/videira.ifc.edu.br\/29encontrao\/2023\/02\/24\/ola-mundo\/","title":{"rendered":"Buenas Prendas e Pe\u00f5es!"},"content":{"rendered":"<p>Para a alegria de todos os Encontristas de plant\u00e3o, estamos iniciando a organiza\u00e7\u00e3o do 29\u00ba ENCONTRO CULTURAL E TRADICIONALISTA DAS INSTITUI\u00c7\u00d5ES FEDERAIS DA REGI\u00c3O SUL.<\/p>\n<p>O encontro tem como objetivo maior a integra\u00e7\u00e3o entre seus participantes, bem como a preserva\u00e7\u00e3o, valoriza\u00e7\u00e3o e divulga\u00e7\u00e3o da tradi\u00e7\u00e3o, das artes, usos e costumes da cultura tradicionalista da Regi\u00e3o Sul do Brasil.<\/p>\n<p>Anote na sua agenda, nosso evento est\u00e1 confirmado para os dias 13 e 15 de Outubro de 2023!!!<\/p>\n<p>O IFC &#8211; Campus Videira, aguarda ansioso a presen\u00e7a das delega\u00e7\u00f5es.<\/p>\n","protected":false},"excerpt":{"rendered":"<p>Para a alegria de todos os Encontristas de plant\u00e3o, estamos iniciando a organiza\u00e7\u00e3o do 29\u00ba ENCONTRO CULTURAL E TRADICIONALISTA DAS INSTITUI\u00c7\u00d5ES FEDERAIS DA REGI\u00c3O SUL. O encontro tem como objetivo maior a integra\u00e7\u00e3o entre seus participantes, bem como a preserva\u00e7\u00e3o, &hellip; <a href=\"https:\/\/videira.ifc.edu.br\/29encontrao\/2023\/02\/24\/ola-mundo\/\">Continuar lendo <span class=\"meta-nav\">&rarr;<\/span><\/a><\/p>\n","protected":false},"author":109,"featured_media":0,"comment_status":"open","ping_status":"open","sticky":false,"template":"","format":"standard","meta":{"footnotes":""},"categories":[1],"tags":[],"class_list":["post-1","post","type-post","status-publish","format-standard","hentry","category-sem-categoria"],"_links":{"self":[{"href":"https:\/\/videira.ifc.edu.br\/29encontrao\/wp-json\/wp\/v2\/posts\/1","targetHints":{"allow":["GET"]}}],"collection":[{"href":"https:\/\/videira.ifc.edu.br\/29encontrao\/wp-json\/wp\/v2\/posts"}],"about":[{"href":"https:\/\/videira.ifc.edu.br\/29encontrao\/wp-json\/wp\/v2\/types\/post"}],"author":[{"embeddable":true,"href":"https:\/\/videira.ifc.edu.br\/29encontrao\/wp-json\/wp\/v2\/users\/109"}],"replies":[{"embeddable":true,"href":"https:\/\/videira.ifc.edu.br\/29encontrao\/wp-json\/wp\/v2\/comments?post=1"}],"version-history":[{"count":3,"href":"https:\/\/videira.ifc.edu.br\/29encontrao\/wp-json\/wp\/v2\/posts\/1\/revisions"}],"predecessor-version":[{"id":25,"href":"https:\/\/videira.ifc.edu.br\/29encontrao\/wp-json\/wp\/v2\/posts\/1\/revisions\/25"}],"wp:attachment":[{"href":"https:\/\/videira.ifc.edu.br\/29encontrao\/wp-json\/wp\/v2\/media?parent=1"}],"wp:term":[{"taxonomy":"category","embeddable":true,"href":"https:\/\/videira.ifc.edu.br\/29encontrao\/wp-json\/wp\/v2\/categories?post=1"},{"taxonomy":"post_tag","embeddable":true,"href":"https:\/\/videira.ifc.edu.br\/29encontrao\/wp-json\/wp\/v2\/tags?post=1"}],"curies":[{"name":"wp","href":"https:\/\/api.w.org\/{rel}","templated":true}]}}