{"id":53,"date":"2023-09-22T10:46:28","date_gmt":"2023-09-22T13:46:28","guid":{"rendered":"https:\/\/videira.ifc.edu.br\/29encontrao\/?p=53"},"modified":"2023-09-22T10:47:14","modified_gmt":"2023-09-22T13:47:14","slug":"edital-para-captacao-de-recursos","status":"publish","type":"post","link":"https:\/\/videira.ifc.edu.br\/29encontrao\/2023\/09\/22\/edital-para-captacao-de-recursos\/","title":{"rendered":"Edital para Capta\u00e7\u00e3o de Recursos"},"content":{"rendered":"\n<p>Com o intuito de receber aux\u00edlio para realiza\u00e7\u00e3o do 29\u00ba Encontro Cultural e Tradicionalista da Regi\u00e3o Sul, foi publicado o Edital para Capta\u00e7\u00e3o de Recursos.<\/p>\n\n\n\n<p>Informa\u00e7\u00f5es pelo e-mail: <a href=\"mailto:encontrao2020@ifc.edu.br\">encontrao2020@ifc.edu.br<\/a><\/p>\n\n\n\n<p>Link para submiss\u00e3o de propostas: <a href=\"https:\/\/forms.gle\/gKaQ5mo7HMCqd3yVA\">https:\/\/forms.gle\/gKaQ5mo7HMCqd3yVA <\/a><\/p>\n\n\n\n<div data-wp-interactive=\"core\/file\" class=\"wp-block-file\"><object data-wp-bind--hidden=\"!state.hasPdfPreview\" hidden class=\"wp-block-file__embed\" data=\"https:\/\/videira.ifc.edu.br\/29encontrao\/wp-content\/uploads\/sites\/58\/2023\/09\/Edital-de-captacao-de-recursos.docx.pdf\" type=\"application\/pdf\" style=\"width:100%;height:600px\" aria-label=\"Incorporado de Edital-de-captacao-de-recursos.docx.\"><\/object><a id=\"wp-block-file--media-91fa01a3-6f7d-475d-a79a-98fd45e943f8\" href=\"https:\/\/videira.ifc.edu.br\/29encontrao\/wp-content\/uploads\/sites\/58\/2023\/09\/Edital-de-captacao-de-recursos.docx.pdf\">Edital-de-captacao-de-recursos.docx<\/a><a href=\"https:\/\/videira.ifc.edu.br\/29encontrao\/wp-content\/uploads\/sites\/58\/2023\/09\/Edital-de-captacao-de-recursos.docx.pdf\" class=\"wp-block-file__button wp-element-button\" download aria-describedby=\"wp-block-file--media-91fa01a3-6f7d-475d-a79a-98fd45e943f8\">Baixar<\/a><\/div>\n\n\n\n<p><\/p>\n","protected":false},"excerpt":{"rendered":"<p>Com o intuito de receber aux\u00edlio para realiza\u00e7\u00e3o do 29\u00ba Encontro Cultural e Tradicionalista da Regi\u00e3o Sul, foi publicado o Edital para Capta\u00e7\u00e3o de Recursos. Informa\u00e7\u00f5es pelo e-mail: encontrao2020@ifc.edu.br Link para submiss\u00e3o de propostas: https:\/\/forms.gle\/gKaQ5mo7HMCqd3yVA<\/p>\n","protected":false},"author":26,"featured_media":0,"comment_status":"open","ping_status":"open","sticky":false,"template":"","format":"standard","meta":{"footnotes":""},"categories":[1],"tags":[],"class_list":["post-53","post","type-post","status-publish","format-standard","hentry","category-sem-categoria"],"_links":{"self":[{"href":"https:\/\/videira.ifc.edu.br\/29encontrao\/wp-json\/wp\/v2\/posts\/53","targetHints":{"allow":["GET"]}}],"collection":[{"href":"https:\/\/videira.ifc.edu.br\/29encontrao\/wp-json\/wp\/v2\/posts"}],"about":[{"href":"https:\/\/videira.ifc.edu.br\/29encontrao\/wp-json\/wp\/v2\/types\/post"}],"author":[{"embeddable":true,"href":"https:\/\/videira.ifc.edu.br\/29encontrao\/wp-json\/wp\/v2\/users\/26"}],"replies":[{"embeddable":true,"href":"https:\/\/videira.ifc.edu.br\/29encontrao\/wp-json\/wp\/v2\/comments?post=53"}],"version-history":[{"count":2,"href":"https:\/\/videira.ifc.edu.br\/29encontrao\/wp-json\/wp\/v2\/posts\/53\/revisions"}],"predecessor-version":[{"id":56,"href":"https:\/\/videira.ifc.edu.br\/29encontrao\/wp-json\/wp\/v2\/posts\/53\/revisions\/56"}],"wp:attachment":[{"href":"https:\/\/videira.ifc.edu.br\/29encontrao\/wp-json\/wp\/v2\/media?parent=53"}],"wp:term":[{"taxonomy":"category","embeddable":true,"href":"https:\/\/videira.ifc.edu.br\/29encontrao\/wp-json\/wp\/v2\/categories?post=53"},{"taxonomy":"post_tag","embeddable":true,"href":"https:\/\/videira.ifc.edu.br\/29encontrao\/wp-json\/wp\/v2\/tags?post=53"}],"curies":[{"name":"wp","href":"https:\/\/api.w.org\/{rel}","templated":true}]}}