{"id":554,"date":"2020-10-01T11:50:36","date_gmt":"2020-10-01T14:50:36","guid":{"rendered":"http:\/\/videira.ifc.edu.br\/seag\/?p=554"},"modified":"2021-08-18T14:18:44","modified_gmt":"2021-08-18T17:18:44","slug":"apresentacao-ix-seag","status":"publish","type":"post","link":"https:\/\/videira.ifc.edu.br\/seag\/2020\/10\/01\/apresentacao-ix-seag\/","title":{"rendered":"Organiza\u00e7\u00e3o"},"content":{"rendered":"\n<p><strong>Coordena\u00e7\u00e3o Geral:<\/strong> Prof. Dr. Allan Charlles Mendes de Sousa<\/p>\n\n\n\n<p>e-mail: <a href=\"mailto:ricardo.araujo@ifc.edu.br\"><strong>allan.sousa@ifc.edu.br<\/strong><\/a><\/p>\n\n\n\n<p><strong>Equipe organizadora<\/strong>: Docentes e t\u00e9cnicos dos cursos de Agropecu\u00e1ria e Agronomia do IFC <em>Campus <\/em>Videira<\/p>\n","protected":false},"excerpt":{"rendered":"<p>Coordena\u00e7\u00e3o Geral: Prof. Dr. Allan Charlles Mendes de Sousa e-mail: allan.sousa@ifc.edu.br Equipe organizadora: Docentes e t\u00e9cnicos dos cursos de Agropecu\u00e1ria e Agronomia do IFC Campus Videira<\/p>\n","protected":false},"author":4,"featured_media":0,"comment_status":"open","ping_status":"open","sticky":false,"template":"","format":"standard","meta":{"footnotes":""},"categories":[1],"tags":[],"class_list":["post-554","post","type-post","status-publish","format-standard","hentry","category-sem-categoria"],"_links":{"self":[{"href":"https:\/\/videira.ifc.edu.br\/seag\/wp-json\/wp\/v2\/posts\/554","targetHints":{"allow":["GET"]}}],"collection":[{"href":"https:\/\/videira.ifc.edu.br\/seag\/wp-json\/wp\/v2\/posts"}],"about":[{"href":"https:\/\/videira.ifc.edu.br\/seag\/wp-json\/wp\/v2\/types\/post"}],"author":[{"embeddable":true,"href":"https:\/\/videira.ifc.edu.br\/seag\/wp-json\/wp\/v2\/users\/4"}],"replies":[{"embeddable":true,"href":"https:\/\/videira.ifc.edu.br\/seag\/wp-json\/wp\/v2\/comments?post=554"}],"version-history":[{"count":13,"href":"https:\/\/videira.ifc.edu.br\/seag\/wp-json\/wp\/v2\/posts\/554\/revisions"}],"predecessor-version":[{"id":627,"href":"https:\/\/videira.ifc.edu.br\/seag\/wp-json\/wp\/v2\/posts\/554\/revisions\/627"}],"wp:attachment":[{"href":"https:\/\/videira.ifc.edu.br\/seag\/wp-json\/wp\/v2\/media?parent=554"}],"wp:term":[{"taxonomy":"category","embeddable":true,"href":"https:\/\/videira.ifc.edu.br\/seag\/wp-json\/wp\/v2\/categories?post=554"},{"taxonomy":"post_tag","embeddable":true,"href":"https:\/\/videira.ifc.edu.br\/seag\/wp-json\/wp\/v2\/tags?post=554"}],"curies":[{"name":"wp","href":"https:\/\/api.w.org\/{rel}","templated":true}]}}