{"id":594,"date":"2020-10-02T18:22:29","date_gmt":"2020-10-02T21:22:29","guid":{"rendered":"http:\/\/videira.ifc.edu.br\/seag\/?p=594"},"modified":"2021-09-15T11:39:12","modified_gmt":"2021-09-15T14:39:12","slug":"organizacao","status":"publish","type":"post","link":"https:\/\/videira.ifc.edu.br\/seag\/2020\/10\/02\/organizacao\/","title":{"rendered":"X Semana de Estudos Agropecu\u00e1rios &#8211; SEAG 2021"},"content":{"rendered":"\n<p class=\"has-text-align-left\">A Semana de Estudos Agropecu\u00e1rios (SEAG) teve inicio em 2012, e no ano de 2021, ser\u00e1 realizada a d\u00e9cima edi\u00e7\u00e3o. <\/p>\n\n\n\n<p class=\"has-text-align-left\">Tradicionalmente, o evento \u00e9 realizado de forma presencial, entretanto, por conta da pandemia imposta pela COVID-19, houve a necessidade de adapta\u00e7\u00e3o, e em 2021, ser\u00e1 realizado de forma virtual, no dia 23 de setembro.<\/p>\n\n\n\n<p class=\"has-text-align-left\">Na sua d\u00e9cima edi\u00e7\u00e3o, a SEAG abordar\u00e1 o tema Agricultura e meio ambiente, enfatizando a import\u00e2ncia da realiza\u00e7\u00e3o de pr\u00e1ticas sustent\u00e1veis em atividades agropecu\u00e1rias. <\/p>\n\n\n\n<p class=\"has-text-align-left\">Acredita-se, que a continuidade da realiza\u00e7\u00e3o anual do evento \u00e9 de grande import\u00e2ncia para a comunidade interna e externa, e em 2021, por ser realizado de forma remota, facilitar\u00e1 a parti\u00e7\u00e3o de palestrantes e ouvintes de outras regi\u00f5es. <\/p>\n\n\n\n<p>Participam da organiza\u00e7\u00e3o deste projeto os docentes dos cursos t\u00e9cnicos em Agropecu\u00e1ria, Superior em Agronomia, t\u00e9cnicos Agr\u00edcola e estudantes do referidos cursos.<\/p>\n\n\n\n<p class=\"has-text-align-left\">Contamos com a presen\u00e7a de todos. Juntos somos fortes!<\/p>\n\n\n\n<p><\/p>\n\n\n\n<p><\/p>\n\n\n\n<div class=\"wp-block-group\"><div class=\"wp-block-group__inner-container is-layout-flow wp-block-group-is-layout-flow\">\n<div class=\"wp-block-group\"><div class=\"wp-block-group__inner-container is-layout-flow wp-block-group-is-layout-flow\">\n<div class=\"wp-block-group\"><div class=\"wp-block-group__inner-container is-layout-flow wp-block-group-is-layout-flow\"><\/div><\/div>\n<\/div><\/div>\n<\/div><\/div>\n","protected":false},"excerpt":{"rendered":"<p>A Semana de Estudos Agropecu\u00e1rios (SEAG) teve inicio em 2012, e no ano de 2021, ser\u00e1 realizada a d\u00e9cima edi\u00e7\u00e3o. Tradicionalmente, o evento \u00e9 realizado de forma presencial, entretanto, por conta da pandemia imposta pela COVID-19, houve a necessidade de &hellip; <a href=\"https:\/\/videira.ifc.edu.br\/seag\/2020\/10\/02\/organizacao\/\">Continuar lendo <span class=\"meta-nav\">&rarr;<\/span><\/a><\/p>\n","protected":false},"author":4,"featured_media":0,"comment_status":"open","ping_status":"open","sticky":false,"template":"","format":"standard","meta":{"footnotes":""},"categories":[1],"tags":[],"class_list":["post-594","post","type-post","status-publish","format-standard","hentry","category-sem-categoria"],"_links":{"self":[{"href":"https:\/\/videira.ifc.edu.br\/seag\/wp-json\/wp\/v2\/posts\/594","targetHints":{"allow":["GET"]}}],"collection":[{"href":"https:\/\/videira.ifc.edu.br\/seag\/wp-json\/wp\/v2\/posts"}],"about":[{"href":"https:\/\/videira.ifc.edu.br\/seag\/wp-json\/wp\/v2\/types\/post"}],"author":[{"embeddable":true,"href":"https:\/\/videira.ifc.edu.br\/seag\/wp-json\/wp\/v2\/users\/4"}],"replies":[{"embeddable":true,"href":"https:\/\/videira.ifc.edu.br\/seag\/wp-json\/wp\/v2\/comments?post=594"}],"version-history":[{"count":11,"href":"https:\/\/videira.ifc.edu.br\/seag\/wp-json\/wp\/v2\/posts\/594\/revisions"}],"predecessor-version":[{"id":645,"href":"https:\/\/videira.ifc.edu.br\/seag\/wp-json\/wp\/v2\/posts\/594\/revisions\/645"}],"wp:attachment":[{"href":"https:\/\/videira.ifc.edu.br\/seag\/wp-json\/wp\/v2\/media?parent=594"}],"wp:term":[{"taxonomy":"category","embeddable":true,"href":"https:\/\/videira.ifc.edu.br\/seag\/wp-json\/wp\/v2\/categories?post=594"},{"taxonomy":"post_tag","embeddable":true,"href":"https:\/\/videira.ifc.edu.br\/seag\/wp-json\/wp\/v2\/tags?post=594"}],"curies":[{"name":"wp","href":"https:\/\/api.w.org\/{rel}","templated":true}]}}